{"id":2497,"date":"2026-02-04T09:00:20","date_gmt":"2026-02-04T08:00:20","guid":{"rendered":"https:\/\/www.ananse.org\/de\/?p=2497"},"modified":"2026-02-04T09:00:20","modified_gmt":"2026-02-04T08:00:20","slug":"mano-a-mano-kulturabend","status":"publish","type":"post","link":"https:\/\/www.ananse.org\/de\/2026\/02\/04\/mano-a-mano-kulturabend\/","title":{"rendered":"mano-a-mano Kulturabend"},"content":{"rendered":"\n<p>Der traditionelle Musik- und Kulturabend &#8211; Pe\u00f1a &#8211; der Initiative mano a mano fand im M\u00e4rz im Nummer zu Platz statt und war im Ananse -Jahreskalender fest eingeplant. Mit viel Engagement und Herzblut wurde wieder ein buntes Rahmenprogramm aus Musik und Poesie von heiteren Kl\u00e4ngen bis zu ernsten T\u00f6nen zusammengestellt. Das ehrenamtliche Organisationsteam arbeitete dabei, wie der Name schon sagt, Hand in Hand (mano a mano). Die vielen K\u00fcnstler*innen begeisterten das Publikum durch ihre einstudierten Ges\u00e4nge sowie durch Vortr\u00e4ge eigens geschriebener Texte. Sie spielten gemeinsam Lieder aus verschiedensten L\u00e4ndern, die sie beispielsweise mit Klavier- oder Gitarrenkl\u00e4ngen untermalten. Die Zuh\u00f6rerenden lauschten aufmerksam, waren sichtlich ber\u00fchrt und wurden in die St\u00fccke mit einbezogen. Das vielf\u00e4ltige und mitrei\u00dfende Programm konnte alle Facetten aufbieten, so dass ausgelassen gelacht und getanzt wurde. Es entstand ein wunderbares Miteinander. An dem Pe\u00f1a-Abend kam auch das Essen nicht zu kurz, das von vielen Teilnehmenden als Beitrag f\u00fcr den Abend mitgebracht wurde und ein leckeres, interkulturelles Buffet entstehen lie\u00df. Am Ende dieses heiteren Abends konnte Ananse eine Summe von 1.500,00\u20ac f\u00fcr unsere Projektarbeit \u00fcberreicht werden. Herzlichen Dank f\u00fcr das tolle Engagement und den sehr gelungenen wie lebendigen Abend!<br><em>(Peter Schlink)<\/em><\/p>\n","protected":false},"excerpt":{"rendered":"<p>Der traditionelle Musik- und Kulturabend &#8211; Pe\u00f1a &#8211; der Initiative mano a mano fand im M\u00e4rz im Nummer zu Platz statt und war im Ananse [&#8230;]<\/p>\n","protected":false},"author":4,"featured_media":2491,"comment_status":"closed","ping_status":"closed","sticky":false,"template":"","format":"standard","meta":{"_jetpack_memberships_contains_paid_content":false,"footnotes":""},"categories":[1],"tags":[],"class_list":["post-2497","post","type-post","status-publish","format-standard","has-post-thumbnail","hentry","category-aktuelles"],"jetpack_featured_media_url":"https:\/\/www.ananse.org\/de\/wp-content\/uploads\/2026\/02\/4-mano-a-mano-scaled.jpg","views":"","jetpack_sharing_enabled":true,"_links":{"self":[{"href":"https:\/\/www.ananse.org\/de\/wp-json\/wp\/v2\/posts\/2497","targetHints":{"allow":["GET"]}}],"collection":[{"href":"https:\/\/www.ananse.org\/de\/wp-json\/wp\/v2\/posts"}],"about":[{"href":"https:\/\/www.ananse.org\/de\/wp-json\/wp\/v2\/types\/post"}],"author":[{"embeddable":true,"href":"https:\/\/www.ananse.org\/de\/wp-json\/wp\/v2\/users\/4"}],"replies":[{"embeddable":true,"href":"https:\/\/www.ananse.org\/de\/wp-json\/wp\/v2\/comments?post=2497"}],"version-history":[{"count":1,"href":"https:\/\/www.ananse.org\/de\/wp-json\/wp\/v2\/posts\/2497\/revisions"}],"predecessor-version":[{"id":2498,"href":"https:\/\/www.ananse.org\/de\/wp-json\/wp\/v2\/posts\/2497\/revisions\/2498"}],"wp:featuredmedia":[{"embeddable":true,"href":"https:\/\/www.ananse.org\/de\/wp-json\/wp\/v2\/media\/2491"}],"wp:attachment":[{"href":"https:\/\/www.ananse.org\/de\/wp-json\/wp\/v2\/media?parent=2497"}],"wp:term":[{"taxonomy":"category","embeddable":true,"href":"https:\/\/www.ananse.org\/de\/wp-json\/wp\/v2\/categories?post=2497"},{"taxonomy":"post_tag","embeddable":true,"href":"https:\/\/www.ananse.org\/de\/wp-json\/wp\/v2\/tags?post=2497"}],"curies":[{"name":"wp","href":"https:\/\/api.w.org\/{rel}","templated":true}]}}